{"id":51983,"date":"2015-10-28T10:28:51","date_gmt":"2015-10-28T09:28:51","guid":{"rendered":"https:\/\/www.villa-koeppe.de\/?p=51983"},"modified":"2015-10-28T10:28:51","modified_gmt":"2015-10-28T09:28:51","slug":"helle_jetzig-noz","status":"publish","type":"post","link":"https:\/\/www.villa-koeppe.de\/en\/helle_jetzig-noz\/","title":{"rendered":"Helle Jetzig &#8211; Neue Osnabr\u00fccker Zeitung"},"content":{"rendered":"<p>Die Ausstellung des Osnabr\u00fccker K\u00fcnstlers Helle Jetzig in der Berliner Galerie K\u00d6PPE CONTEMPORARY findet auch in Neuen Osnabr\u00fccker Zeitung, der wohl gr\u00f6\u00dften Tageszeitung im Nordwestdeutschen Raum, Beachtung (Ausgabe vom 27.10.2015).<\/p>\n<p>\u00a9 Neue Osnabr\u00fccker Zeitung GmbH &amp; Co. KG, Breiter Gang 10-16, 49074 Osnabr\u00fcck<\/p>\n","protected":false},"excerpt":{"rendered":"<p>Artikel des australischen Magazins The Brag.<\/p>\n","protected":false},"author":3,"featured_media":51984,"comment_status":"closed","ping_status":"open","sticky":false,"template":"","format":"standard","meta":{"footnotes":""},"categories":[9],"tags":[],"class_list":["post-51983","post","type-post","status-publish","format-standard","has-post-thumbnail","hentry","category-press-en"],"_links":{"self":[{"href":"https:\/\/www.villa-koeppe.de\/en\/wp-json\/wp\/v2\/posts\/51983\/"}],"collection":[{"href":"https:\/\/www.villa-koeppe.de\/en\/wp-json\/wp\/v2\/posts\/"}],"about":[{"href":"https:\/\/www.villa-koeppe.de\/en\/wp-json\/wp\/v2\/types\/post\/"}],"author":[{"embeddable":true,"href":"https:\/\/www.villa-koeppe.de\/en\/wp-json\/wp\/v2\/users\/3\/"}],"replies":[{"embeddable":true,"href":"https:\/\/www.villa-koeppe.de\/en\/wp-json\/wp\/v2\/comments\/?post=51983"}],"version-history":[{"count":1,"href":"https:\/\/www.villa-koeppe.de\/en\/wp-json\/wp\/v2\/posts\/51983\/revisions\/"}],"predecessor-version":[{"id":51985,"href":"https:\/\/www.villa-koeppe.de\/en\/wp-json\/wp\/v2\/posts\/51983\/revisions\/51985\/"}],"wp:featuredmedia":[{"embeddable":true,"href":"https:\/\/www.villa-koeppe.de\/en\/wp-json\/wp\/v2\/media\/51984\/"}],"wp:attachment":[{"href":"https:\/\/www.villa-koeppe.de\/en\/wp-json\/wp\/v2\/media\/?parent=51983"}],"wp:term":[{"taxonomy":"category","embeddable":true,"href":"https:\/\/www.villa-koeppe.de\/en\/wp-json\/wp\/v2\/categories\/?post=51983"},{"taxonomy":"post_tag","embeddable":true,"href":"https:\/\/www.villa-koeppe.de\/en\/wp-json\/wp\/v2\/tags\/?post=51983"}],"curies":[{"name":"wp","href":"https:\/\/api.w.org\/{rel}","templated":true}]}}