{"id":55941,"date":"2020-02-28T11:27:09","date_gmt":"2020-02-28T10:27:09","guid":{"rendered":"https:\/\/www.villa-koeppe.de\/?p=55941"},"modified":"2020-03-04T12:26:08","modified_gmt":"2020-03-04T11:26:08","slug":"newsticker-58","status":"publish","type":"post","link":"https:\/\/www.villa-koeppe.de\/en\/newsticker-58\/","title":{"rendered":"Newsticker #58"},"content":{"rendered":"<p><em><br \/>\n<img loading=\"lazy\" decoding=\"async\" class=\"wp-image-55942 size-medium aligncenter\" src=\"https:\/\/www.villa-koeppe.de\/wp-content\/uploads\/2020\/03\/Daniel_Harms-OT-Acryl_auf_Leinwand-web-768x728.jpg\" alt=\"\" width=\"768\" height=\"728\" srcset=\"https:\/\/www.villa-koeppe.de\/wp-content\/uploads\/2020\/03\/Daniel_Harms-OT-Acryl_auf_Leinwand-web-768x728.jpg 768w, https:\/\/www.villa-koeppe.de\/wp-content\/uploads\/2020\/03\/Daniel_Harms-OT-Acryl_auf_Leinwand-web-600x569.jpg 600w, https:\/\/www.villa-koeppe.de\/wp-content\/uploads\/2020\/03\/Daniel_Harms-OT-Acryl_auf_Leinwand-web-700x663.jpg 700w, https:\/\/www.villa-koeppe.de\/wp-content\/uploads\/2020\/03\/Daniel_Harms-OT-Acryl_auf_Leinwand-web.jpg 1034w\" sizes=\"auto, (max-width: 768px) 100vw, 768px\" \/><br \/>\n<\/em><\/p>\n<hr \/>\n<p>Berlin-Grunewald, 28. Februar 2020<\/p>\n<h3><strong>Kunstwerk des Monats Februar 2020<\/strong><\/h3>\n<p>Liebe Freunde der Galerie,<\/p>\n<p>f\u00fcr den Monat Februar hat das Galerie-Team ein Werk aus der laufenden Ausstellung <a href=\"https:\/\/www.villa-koeppe.de\/portfolio_page\/daniel-harms-strange-days\/\">Strange Days<\/a> von Daniel Harms ausgew\u00e4hlt. Die Ausstellung l\u00e4uft noch bis zum 14. M\u00e4rz 2020.<\/p>\n<p style=\"padding-left: 40px;\"><strong>Daniel Harms | No Hope \u2013 In Sight (Diptychon)<\/strong><br \/>\n2016, Acryl \/ Leinwand, je 210 x 110 cm<\/p>\n<p>Mit 210 x 220 cm geh\u00f6rt das Diptychon zu den Gro\u00dfformaten des Berliner K\u00fcnstlers. Harms\u2018 charakteristische Synthese von Malerei und Elementen des Graffiti und des Comics, sowie seine typische Kombination von visuellem Bild mit Schrifteinsprengseln findet sich auch in diesem Werk.<\/p>\n<p>\u201eNo Hope \u2013 In Sight\u201c ist ein psycho\u00adlogisches Bild. Wie in vielen anderen Werken von Harms ist das Thema auf die menschliche Figur fokussiert. Im Bild\u00adgeviert dr\u00e4ngen sich eine Viel\u00adzahl grotesk \u00fcberzeichneter menschlicher Gestalten \u2013 vier dominante m\u00e4nnliche bzw. weibliche Figuren (oder K\u00f6pfe) sowie zwei Kleinere.<\/p>\n<p>Auff\u00e4llig ist die \u00dcber\u00adzeichnung der Sinnes\u00adorgane \u2013 der Augen, der Ohren und der M\u00fcnder. Durch diese Fokussierung gelingt es Harms, die Spannungs\u00adverh\u00e4ltnisse, die zwischen den Einzel\u00adfiguren stattfinden, in den Vordergrund des Bildgeschehens zu r\u00fccken. Die besondere Eigenart des K\u00fcnstlers besteht darin, die gro\u00dfe Dramatik und hohe Intensit\u00e4t der Aktionen und Reaktionen seiner Figuren durch die Bezug\u00adnahme auf die Symbol\u00adsprache des Comics und der Karikatur (beispielsweise Energie-, oder Bewegungslinien, oder auch die schlauch\u00adartigen Sprachblasen) zu verst\u00e4rken. Die Anordnung der Figuren, ihre Gr\u00f6\u00dfenverh\u00e4ltnisse in Bezug zueinander oder auch das Motiv des verschlossenen Mundes verweisen auf schmerzhafte Erfahrungen \u2013 wie Machtgebaren, Dominanz, Verun\u00adglimpfung oder Willk\u00fcr.<\/p>\n<p>Ins Auge fallen die starke Farbigkeit und darin die ungew\u00f6hnlichen Farbt\u00f6ne (Violett, Lila, Rosa, Blau, T\u00fcrkis und Gr\u00fcngelb), die das Imagin\u00e4re der Szene unterstreichen. Was ist visua\u00adlisiert? Eine Erinnerung? Ein Traum? Die tief\u00addunkle Hintergrundfarbe zieht den Betrachter in die be\u00e4ngstigende Leere eines unbestimmten Raumes.<\/p>\n<p>In dieser Arbeit von Daniel Harms klingen biografische Bez\u00fcge an. Das zentrale Thema des K\u00fcnstlers bleibt der Mensch in seiner gegen\u00adw\u00e4rtigen Existenz und seinen Lebens\u00ad\u00e4u\u00dferungen und Verhaltensweisen.<\/p>\n<p><em>Andr\u00e9 Lindhorst<\/em><\/p>\n","protected":false},"excerpt":{"rendered":"<p>F\u00fcr den Monat Februar hat das Galerie-Team ein Werk aus der laufenden Ausstellung Strange Days von Daniel Harms ausgew\u00e4hlt.<\/p>\n","protected":false},"author":1,"featured_media":0,"comment_status":"closed","ping_status":"open","sticky":false,"template":"","format":"standard","meta":{"footnotes":""},"categories":[2,159],"tags":[],"class_list":["post-55941","post","type-post","status-publish","format-standard","hentry","category-news-en","category-newsticker"],"_links":{"self":[{"href":"https:\/\/www.villa-koeppe.de\/en\/wp-json\/wp\/v2\/posts\/55941\/"}],"collection":[{"href":"https:\/\/www.villa-koeppe.de\/en\/wp-json\/wp\/v2\/posts\/"}],"about":[{"href":"https:\/\/www.villa-koeppe.de\/en\/wp-json\/wp\/v2\/types\/post\/"}],"author":[{"embeddable":true,"href":"https:\/\/www.villa-koeppe.de\/en\/wp-json\/wp\/v2\/users\/1\/"}],"replies":[{"embeddable":true,"href":"https:\/\/www.villa-koeppe.de\/en\/wp-json\/wp\/v2\/comments\/?post=55941"}],"version-history":[{"count":1,"href":"https:\/\/www.villa-koeppe.de\/en\/wp-json\/wp\/v2\/posts\/55941\/revisions\/"}],"predecessor-version":[{"id":55944,"href":"https:\/\/www.villa-koeppe.de\/en\/wp-json\/wp\/v2\/posts\/55941\/revisions\/55944\/"}],"wp:attachment":[{"href":"https:\/\/www.villa-koeppe.de\/en\/wp-json\/wp\/v2\/media\/?parent=55941"}],"wp:term":[{"taxonomy":"category","embeddable":true,"href":"https:\/\/www.villa-koeppe.de\/en\/wp-json\/wp\/v2\/categories\/?post=55941"},{"taxonomy":"post_tag","embeddable":true,"href":"https:\/\/www.villa-koeppe.de\/en\/wp-json\/wp\/v2\/tags\/?post=55941"}],"curies":[{"name":"wp","href":"https:\/\/api.w.org\/{rel}","templated":true}]}}