{"id":56947,"date":"2020-11-13T14:03:13","date_gmt":"2020-11-13T13:03:13","guid":{"rendered":"https:\/\/www.villa-koeppe.de\/?p=56947"},"modified":"2021-02-16T14:07:08","modified_gmt":"2021-02-16T13:07:08","slug":"paderborner-kunstausstellung-darf-nur-im-schaufenster-bewundert-werden-neue-westfaelische","status":"publish","type":"post","link":"https:\/\/www.villa-koeppe.de\/en\/paderborner-kunstausstellung-darf-nur-im-schaufenster-bewundert-werden-neue-westfaelische\/","title":{"rendered":"Paderborner Kunstausstellung darf nur im Schaufenster bewundert werden (Neue Westf\u00e4lische)"},"content":{"rendered":"<p>In der Neuen Westf\u00e4lischen erschien ein Artikel zur Ausstellung von <a href=\"https:\/\/www.villa-koeppe.de\/kuenstler\/susanne_ring\/\">Susanne Ring<\/a> im <a href=\"https:\/\/kunstverein-paderborn.de\/sack-voll-knochen-susanne-ring\/\">Kunstverein Paderborn.<\/a><\/p>\n<p><em>&#8220;K\u00fcnstlerin Susanne Ring stellt ihre Werke zum ersten Mal in Paderborn aus. Doch die Freude \u00fcber diese Premiere h\u00e4lt sich bei ihr ein wenig in Grenzen: Besucher d\u00fcrfen nicht kommen &#8211; die T\u00fcren zu ihrer Ausstellung bleiben verschlossen.&#8221;<\/em><\/p>\n<p>Den ganzen Artikel finden Sie hier: <a href=\"https:\/\/www.nw.de\/lokal\/kreis_paderborn\/paderborn\/22896643_Paderborner-Kunstausstellung-darf-nur-im-Schaufenster-bewundert-werden.html\">Paderborner Kunstausstellung darf nur im Schaufenster bewundert werden<\/a><\/p>\n<p>&nbsp;<\/p>\n","protected":false},"excerpt":{"rendered":"<p>In der Neuen Westf\u00e4lischen erschien ein Artikel zur Ausstellung von&#8230;<\/p>\n","protected":false},"author":1,"featured_media":56948,"comment_status":"closed","ping_status":"open","sticky":false,"template":"","format":"standard","meta":{"footnotes":""},"categories":[9,155],"tags":[],"class_list":["post-56947","post","type-post","status-publish","format-standard","has-post-thumbnail","hentry","category-press-en","category-susanne-ring"],"_links":{"self":[{"href":"https:\/\/www.villa-koeppe.de\/en\/wp-json\/wp\/v2\/posts\/56947\/"}],"collection":[{"href":"https:\/\/www.villa-koeppe.de\/en\/wp-json\/wp\/v2\/posts\/"}],"about":[{"href":"https:\/\/www.villa-koeppe.de\/en\/wp-json\/wp\/v2\/types\/post\/"}],"author":[{"embeddable":true,"href":"https:\/\/www.villa-koeppe.de\/en\/wp-json\/wp\/v2\/users\/1\/"}],"replies":[{"embeddable":true,"href":"https:\/\/www.villa-koeppe.de\/en\/wp-json\/wp\/v2\/comments\/?post=56947"}],"version-history":[{"count":1,"href":"https:\/\/www.villa-koeppe.de\/en\/wp-json\/wp\/v2\/posts\/56947\/revisions\/"}],"predecessor-version":[{"id":56950,"href":"https:\/\/www.villa-koeppe.de\/en\/wp-json\/wp\/v2\/posts\/56947\/revisions\/56950\/"}],"wp:featuredmedia":[{"embeddable":true,"href":"https:\/\/www.villa-koeppe.de\/en\/wp-json\/wp\/v2\/media\/56948\/"}],"wp:attachment":[{"href":"https:\/\/www.villa-koeppe.de\/en\/wp-json\/wp\/v2\/media\/?parent=56947"}],"wp:term":[{"taxonomy":"category","embeddable":true,"href":"https:\/\/www.villa-koeppe.de\/en\/wp-json\/wp\/v2\/categories\/?post=56947"},{"taxonomy":"post_tag","embeddable":true,"href":"https:\/\/www.villa-koeppe.de\/en\/wp-json\/wp\/v2\/tags\/?post=56947"}],"curies":[{"name":"wp","href":"https:\/\/api.w.org\/{rel}","templated":true}]}}